{"id":11889,"date":"2019-10-16T21:23:45","date_gmt":"2019-10-16T21:23:45","guid":{"rendered":"https:\/\/www.jacomontecarlo.com\/\/why-visit-the-carara-national-park\/"},"modified":"2025-05-14T13:16:50","modified_gmt":"2025-05-14T19:16:50","slug":"por-que-visitar-el-parque-nacional-carara","status":"publish","type":"post","link":"https:\/\/www.jacomontecarlo.com\/es\/por-que-visitar-el-parque-nacional-carara\/","title":{"rendered":"\u00bfPor qu\u00e9 visitar el parque nacional Carara?"},"content":{"rendered":"\n<p>El parque nacional de Carara queda ubicado cerca de la costa del pacifico de Costa Rica, este parque se traduce en diversidad de flora y fauna, donde habitan especies propias de los bosques h\u00famedo y seco.<\/p>\n\n\n\n<p>En el parque habitan aves como la lapa roja (Ara Macao) que se encuentra en peligro de extinci\u00f3n. El parque nacional de Carara es el primer parque es obtener&nbsp; con sendero universal en donde los visitantes pueden disfrutar de la flora y fauna de nuestro pa\u00eds.<\/p>\n\n\n\n<p>&nbsp;El parque es considerado un excelente laboratorio de vida en donde se estudia el gran funcionamiento de los ecosistemas y las relaciones entre estas. Se presenta una gran cantidad de especies con predominio siempre verde. Unos de los principales atractivos del parque Carara es la lapa roja que est\u00e1 en su habitad natural, ci\u00e9nagas, lagunas de bosque, bosques y senderos naturales.&nbsp;<\/p>\n\n\n\n<p>La temperatura anda cerca de los 28\u00b0C, la precipitaci\u00f3n es de unos 3.000 mm. Los meses secos son los de marzo y abril y los lluviosos son los de setiembre a noviembre. El bosque tropical h\u00famedo y seco se pueden lograr apreciar especies como: el guarumo, el cornezuelo, el esparvel, el ojoche, el Crist\u00f3bal y el ojillo, se hacen recorridos p\u00fablicos al arbusto cafecillo, especie end\u00e9mica del Pacifico Central y especie totalmente \u00fanica en el mundo.&nbsp;<\/p>\n\n\n\n<p>Se pueden apreciar especies de aboles que pueden lograr medir a una altura de unos 40 metros como: el Guanacaste, el gallinazo, el gu\u00e1cimo colorado, el higuer\u00f3n, el guayabo y el javillo.&nbsp;<\/p>\n\n\n\n<p>En fauna el parque nacional de Carara cuenta con gran diversidad en especies, mam\u00edferos como el oso hormiguero gigante, armadillos, zarig\u00fceyas. Venados cola blanca, agoutis (guatusa), martillas y tolomucos. Tambi\u00e9n se pueden apreciar lo que son mapaches, monos carablanca, perezosos de 4 ojos, adem\u00e1s podemos encontrar felinos como el puma, el jaguar y manigordo. &nbsp;<\/p>\n","protected":false},"excerpt":{"rendered":"<p>El parque nacional de Carara queda ubicado cerca de la costa del pacifico de Costa Rica, este parque se traduce en diversidad de flora y fauna, donde habitan especies propias de los bosques h\u00famedo y seco. En el parque habitan aves como la lapa roja (Ara Macao) que se encuentra en peligro de extinci\u00f3n. El [&hellip;]<\/p>\n","protected":false},"author":5,"featured_media":11887,"comment_status":"closed","ping_status":"closed","sticky":false,"template":"","format":"standard","meta":{"_joinchat":[],"footnotes":""},"categories":[56],"tags":[],"class_list":["post-11889","post","type-post","status-publish","format-standard","has-post-thumbnail","hentry","category-noticias-y-ofertas"],"yoast_head":"<!-- This site is optimized with the Yoast SEO plugin v27.4 - https:\/\/yoast.com\/product\/yoast-seo-wordpress\/ -->\n<title>\u00bfPor qu\u00e9 visitar el parque nacional Carara?<\/title>\n<meta name=\"description\" content=\"El parque nacional de Carara queda ubicado cerca de la costa del pacifico de Costa Rica, este parque se traduce en diversidad de flora y fauna, donde habitan especies propias de los bosques h\u00famedo y seco.\" \/>\n<meta name=\"robots\" content=\"index, follow, max-snippet:-1, max-image-preview:large, max-video-preview:-1\" \/>\n<link rel=\"canonical\" href=\"https:\/\/www.jacomontecarlo.com\/es\/por-que-visitar-el-parque-nacional-carara\/\" \/>\n<meta property=\"og:locale\" content=\"es_ES\" \/>\n<meta property=\"og:type\" content=\"article\" \/>\n<meta property=\"og:title\" content=\"\u00bfPor qu\u00e9 visitar el parque nacional Carara?\" \/>\n<meta property=\"og:description\" content=\"El parque nacional de Carara queda ubicado cerca de la costa del pacifico de Costa Rica, este parque se traduce en diversidad de flora y fauna, donde habitan especies propias de los bosques h\u00famedo y seco.\" \/>\n<meta property=\"og:url\" content=\"https:\/\/www.jacomontecarlo.com\/es\/por-que-visitar-el-parque-nacional-carara\/\" \/>\n<meta property=\"og:site_name\" content=\"Monte Carlo Luxury Condominiums Jaco Beach\" \/>\n<meta property=\"article:publisher\" content=\"https:\/\/www.facebook.com\/montecarloluxurycondominiums\/\" \/>\n<meta property=\"article:published_time\" content=\"2019-10-16T21:23:45+00:00\" \/>\n<meta property=\"article:modified_time\" content=\"2025-05-14T19:16:50+00:00\" \/>\n<meta property=\"og:image\" content=\"https:\/\/www.jacomontecarlo.com\/wp-content\/uploads\/2019\/10\/Vista-de-uno-de-los-miradores-en-Carara-foto-por-pinacenta.jpg\" \/>\n\t<meta property=\"og:image:width\" content=\"1080\" \/>\n\t<meta property=\"og:image:height\" content=\"809\" \/>\n\t<meta property=\"og:image:type\" content=\"image\/jpeg\" \/>\n<meta name=\"author\" content=\"Sergio Figueroa\" \/>\n<script type=\"application\/ld+json\" class=\"yoast-schema-graph\">{\"@context\":\"https:\\\/\\\/schema.org\",\"@graph\":[{\"@type\":\"Article\",\"@id\":\"https:\\\/\\\/www.jacomontecarlo.com\\\/es\\\/por-que-visitar-el-parque-nacional-carara\\\/#article\",\"isPartOf\":{\"@id\":\"https:\\\/\\\/www.jacomontecarlo.com\\\/es\\\/por-que-visitar-el-parque-nacional-carara\\\/\"},\"author\":{\"name\":\"Sergio Figueroa\",\"@id\":\"https:\\\/\\\/www.jacomontecarlo.com\\\/es\\\/#\\\/schema\\\/person\\\/4c18e23c2aa43babb7d44fcf1cd58e21\"},\"headline\":\"\u00bfPor qu\u00e9 visitar el parque nacional Carara?\",\"datePublished\":\"2019-10-16T21:23:45+00:00\",\"dateModified\":\"2025-05-14T19:16:50+00:00\",\"mainEntityOfPage\":{\"@id\":\"https:\\\/\\\/www.jacomontecarlo.com\\\/es\\\/por-que-visitar-el-parque-nacional-carara\\\/\"},\"wordCount\":330,\"publisher\":{\"@id\":\"https:\\\/\\\/www.jacomontecarlo.com\\\/es\\\/#organization\"},\"image\":{\"@id\":\"https:\\\/\\\/www.jacomontecarlo.com\\\/es\\\/por-que-visitar-el-parque-nacional-carara\\\/#primaryimage\"},\"thumbnailUrl\":\"https:\\\/\\\/www.jacomontecarlo.com\\\/wp-content\\\/uploads\\\/2019\\\/10\\\/Vista-de-uno-de-los-miradores-en-Carara-foto-por-pinacenta.jpg\",\"articleSection\":[\"Noticias y Ofertas\"],\"inLanguage\":\"es-CR\"},{\"@type\":\"WebPage\",\"@id\":\"https:\\\/\\\/www.jacomontecarlo.com\\\/es\\\/por-que-visitar-el-parque-nacional-carara\\\/\",\"url\":\"https:\\\/\\\/www.jacomontecarlo.com\\\/es\\\/por-que-visitar-el-parque-nacional-carara\\\/\",\"name\":\"\u00bfPor qu\u00e9 visitar el parque nacional Carara?\",\"isPartOf\":{\"@id\":\"https:\\\/\\\/www.jacomontecarlo.com\\\/es\\\/#website\"},\"primaryImageOfPage\":{\"@id\":\"https:\\\/\\\/www.jacomontecarlo.com\\\/es\\\/por-que-visitar-el-parque-nacional-carara\\\/#primaryimage\"},\"image\":{\"@id\":\"https:\\\/\\\/www.jacomontecarlo.com\\\/es\\\/por-que-visitar-el-parque-nacional-carara\\\/#primaryimage\"},\"thumbnailUrl\":\"https:\\\/\\\/www.jacomontecarlo.com\\\/wp-content\\\/uploads\\\/2019\\\/10\\\/Vista-de-uno-de-los-miradores-en-Carara-foto-por-pinacenta.jpg\",\"datePublished\":\"2019-10-16T21:23:45+00:00\",\"dateModified\":\"2025-05-14T19:16:50+00:00\",\"description\":\"El parque nacional de Carara queda ubicado cerca de la costa del pacifico de Costa Rica, este parque se traduce en diversidad de flora y fauna, donde habitan especies propias de los bosques h\u00famedo y seco.\",\"breadcrumb\":{\"@id\":\"https:\\\/\\\/www.jacomontecarlo.com\\\/es\\\/por-que-visitar-el-parque-nacional-carara\\\/#breadcrumb\"},\"inLanguage\":\"es-CR\",\"potentialAction\":[{\"@type\":\"ReadAction\",\"target\":[\"https:\\\/\\\/www.jacomontecarlo.com\\\/es\\\/por-que-visitar-el-parque-nacional-carara\\\/\"]}]},{\"@type\":\"ImageObject\",\"inLanguage\":\"es-CR\",\"@id\":\"https:\\\/\\\/www.jacomontecarlo.com\\\/es\\\/por-que-visitar-el-parque-nacional-carara\\\/#primaryimage\",\"url\":\"https:\\\/\\\/www.jacomontecarlo.com\\\/wp-content\\\/uploads\\\/2019\\\/10\\\/Vista-de-uno-de-los-miradores-en-Carara-foto-por-pinacenta.jpg\",\"contentUrl\":\"https:\\\/\\\/www.jacomontecarlo.com\\\/wp-content\\\/uploads\\\/2019\\\/10\\\/Vista-de-uno-de-los-miradores-en-Carara-foto-por-pinacenta.jpg\",\"width\":1080,\"height\":809},{\"@type\":\"BreadcrumbList\",\"@id\":\"https:\\\/\\\/www.jacomontecarlo.com\\\/es\\\/por-que-visitar-el-parque-nacional-carara\\\/#breadcrumb\",\"itemListElement\":[{\"@type\":\"ListItem\",\"position\":1,\"name\":\"Inicio\",\"item\":\"https:\\\/\\\/www.jacomontecarlo.com\\\/es\\\/\"},{\"@type\":\"ListItem\",\"position\":2,\"name\":\"\u00bfPor qu\u00e9 visitar el parque nacional Carara?\"}]},{\"@type\":\"WebSite\",\"@id\":\"https:\\\/\\\/www.jacomontecarlo.com\\\/es\\\/#website\",\"url\":\"https:\\\/\\\/www.jacomontecarlo.com\\\/es\\\/\",\"name\":\"Monte Carlo Condominium - Jaco Beach\",\"description\":\"[icon icon=mapmarker] LUXURY VACATION RENTALS IN JACO BEACH\",\"publisher\":{\"@id\":\"https:\\\/\\\/www.jacomontecarlo.com\\\/es\\\/#organization\"},\"alternateName\":\"Monte Carlo Luxury Condominium for rent\",\"potentialAction\":[{\"@type\":\"SearchAction\",\"target\":{\"@type\":\"EntryPoint\",\"urlTemplate\":\"https:\\\/\\\/www.jacomontecarlo.com\\\/es\\\/?s={search_term_string}\"},\"query-input\":{\"@type\":\"PropertyValueSpecification\",\"valueRequired\":true,\"valueName\":\"search_term_string\"}}],\"inLanguage\":\"es-CR\"},{\"@type\":\"Organization\",\"@id\":\"https:\\\/\\\/www.jacomontecarlo.com\\\/es\\\/#organization\",\"name\":\"Condominios Monte Carlos\",\"alternateName\":\"Luxury Condominium\",\"url\":\"https:\\\/\\\/www.jacomontecarlo.com\\\/es\\\/\",\"logo\":{\"@type\":\"ImageObject\",\"inLanguage\":\"es-CR\",\"@id\":\"https:\\\/\\\/www.jacomontecarlo.com\\\/es\\\/#\\\/schema\\\/logo\\\/image\\\/\",\"url\":\"https:\\\/\\\/www.jacomontecarlo.com\\\/wp-content\\\/uploads\\\/2015\\\/08\\\/logo-MC.jpg\",\"contentUrl\":\"https:\\\/\\\/www.jacomontecarlo.com\\\/wp-content\\\/uploads\\\/2015\\\/08\\\/logo-MC.jpg\",\"width\":1060,\"height\":545,\"caption\":\"Condominios Monte Carlos\"},\"image\":{\"@id\":\"https:\\\/\\\/www.jacomontecarlo.com\\\/es\\\/#\\\/schema\\\/logo\\\/image\\\/\"},\"sameAs\":[\"https:\\\/\\\/www.facebook.com\\\/montecarloluxurycondominiums\\\/\",\"https:\\\/\\\/x.com\\\/onsitecostarica\",\"https:\\\/\\\/www.youtube.com\\\/@MONTECARLOLUXURYCONDOS\\\/videos\",\"https:\\\/\\\/www.instagram.com\\\/jacomontecarlo\\\/\"]},{\"@type\":\"Person\",\"@id\":\"https:\\\/\\\/www.jacomontecarlo.com\\\/es\\\/#\\\/schema\\\/person\\\/4c18e23c2aa43babb7d44fcf1cd58e21\",\"name\":\"Sergio Figueroa\"}]}<\/script>\n<!-- \/ Yoast SEO plugin. -->","yoast_head_json":{"title":"\u00bfPor qu\u00e9 visitar el parque nacional Carara?","description":"El parque nacional de Carara queda ubicado cerca de la costa del pacifico de Costa Rica, este parque se traduce en diversidad de flora y fauna, donde habitan especies propias de los bosques h\u00famedo y seco.","robots":{"index":"index","follow":"follow","max-snippet":"max-snippet:-1","max-image-preview":"max-image-preview:large","max-video-preview":"max-video-preview:-1"},"canonical":"https:\/\/www.jacomontecarlo.com\/es\/por-que-visitar-el-parque-nacional-carara\/","og_locale":"es_ES","og_type":"article","og_title":"\u00bfPor qu\u00e9 visitar el parque nacional Carara?","og_description":"El parque nacional de Carara queda ubicado cerca de la costa del pacifico de Costa Rica, este parque se traduce en diversidad de flora y fauna, donde habitan especies propias de los bosques h\u00famedo y seco.","og_url":"https:\/\/www.jacomontecarlo.com\/es\/por-que-visitar-el-parque-nacional-carara\/","og_site_name":"Monte Carlo Luxury Condominiums Jaco Beach","article_publisher":"https:\/\/www.facebook.com\/montecarloluxurycondominiums\/","article_published_time":"2019-10-16T21:23:45+00:00","article_modified_time":"2025-05-14T19:16:50+00:00","og_image":[{"width":1080,"height":809,"url":"https:\/\/www.jacomontecarlo.com\/wp-content\/uploads\/2019\/10\/Vista-de-uno-de-los-miradores-en-Carara-foto-por-pinacenta.jpg","type":"image\/jpeg"}],"author":"Sergio Figueroa","schema":{"@context":"https:\/\/schema.org","@graph":[{"@type":"Article","@id":"https:\/\/www.jacomontecarlo.com\/es\/por-que-visitar-el-parque-nacional-carara\/#article","isPartOf":{"@id":"https:\/\/www.jacomontecarlo.com\/es\/por-que-visitar-el-parque-nacional-carara\/"},"author":{"name":"Sergio Figueroa","@id":"https:\/\/www.jacomontecarlo.com\/es\/#\/schema\/person\/4c18e23c2aa43babb7d44fcf1cd58e21"},"headline":"\u00bfPor qu\u00e9 visitar el parque nacional Carara?","datePublished":"2019-10-16T21:23:45+00:00","dateModified":"2025-05-14T19:16:50+00:00","mainEntityOfPage":{"@id":"https:\/\/www.jacomontecarlo.com\/es\/por-que-visitar-el-parque-nacional-carara\/"},"wordCount":330,"publisher":{"@id":"https:\/\/www.jacomontecarlo.com\/es\/#organization"},"image":{"@id":"https:\/\/www.jacomontecarlo.com\/es\/por-que-visitar-el-parque-nacional-carara\/#primaryimage"},"thumbnailUrl":"https:\/\/www.jacomontecarlo.com\/wp-content\/uploads\/2019\/10\/Vista-de-uno-de-los-miradores-en-Carara-foto-por-pinacenta.jpg","articleSection":["Noticias y Ofertas"],"inLanguage":"es-CR"},{"@type":"WebPage","@id":"https:\/\/www.jacomontecarlo.com\/es\/por-que-visitar-el-parque-nacional-carara\/","url":"https:\/\/www.jacomontecarlo.com\/es\/por-que-visitar-el-parque-nacional-carara\/","name":"\u00bfPor qu\u00e9 visitar el parque nacional Carara?","isPartOf":{"@id":"https:\/\/www.jacomontecarlo.com\/es\/#website"},"primaryImageOfPage":{"@id":"https:\/\/www.jacomontecarlo.com\/es\/por-que-visitar-el-parque-nacional-carara\/#primaryimage"},"image":{"@id":"https:\/\/www.jacomontecarlo.com\/es\/por-que-visitar-el-parque-nacional-carara\/#primaryimage"},"thumbnailUrl":"https:\/\/www.jacomontecarlo.com\/wp-content\/uploads\/2019\/10\/Vista-de-uno-de-los-miradores-en-Carara-foto-por-pinacenta.jpg","datePublished":"2019-10-16T21:23:45+00:00","dateModified":"2025-05-14T19:16:50+00:00","description":"El parque nacional de Carara queda ubicado cerca de la costa del pacifico de Costa Rica, este parque se traduce en diversidad de flora y fauna, donde habitan especies propias de los bosques h\u00famedo y seco.","breadcrumb":{"@id":"https:\/\/www.jacomontecarlo.com\/es\/por-que-visitar-el-parque-nacional-carara\/#breadcrumb"},"inLanguage":"es-CR","potentialAction":[{"@type":"ReadAction","target":["https:\/\/www.jacomontecarlo.com\/es\/por-que-visitar-el-parque-nacional-carara\/"]}]},{"@type":"ImageObject","inLanguage":"es-CR","@id":"https:\/\/www.jacomontecarlo.com\/es\/por-que-visitar-el-parque-nacional-carara\/#primaryimage","url":"https:\/\/www.jacomontecarlo.com\/wp-content\/uploads\/2019\/10\/Vista-de-uno-de-los-miradores-en-Carara-foto-por-pinacenta.jpg","contentUrl":"https:\/\/www.jacomontecarlo.com\/wp-content\/uploads\/2019\/10\/Vista-de-uno-de-los-miradores-en-Carara-foto-por-pinacenta.jpg","width":1080,"height":809},{"@type":"BreadcrumbList","@id":"https:\/\/www.jacomontecarlo.com\/es\/por-que-visitar-el-parque-nacional-carara\/#breadcrumb","itemListElement":[{"@type":"ListItem","position":1,"name":"Inicio","item":"https:\/\/www.jacomontecarlo.com\/es\/"},{"@type":"ListItem","position":2,"name":"\u00bfPor qu\u00e9 visitar el parque nacional Carara?"}]},{"@type":"WebSite","@id":"https:\/\/www.jacomontecarlo.com\/es\/#website","url":"https:\/\/www.jacomontecarlo.com\/es\/","name":"Monte Carlo Condominium - Jaco Beach","description":"[icon icon=mapmarker] LUXURY VACATION RENTALS IN JACO BEACH","publisher":{"@id":"https:\/\/www.jacomontecarlo.com\/es\/#organization"},"alternateName":"Monte Carlo Luxury Condominium for rent","potentialAction":[{"@type":"SearchAction","target":{"@type":"EntryPoint","urlTemplate":"https:\/\/www.jacomontecarlo.com\/es\/?s={search_term_string}"},"query-input":{"@type":"PropertyValueSpecification","valueRequired":true,"valueName":"search_term_string"}}],"inLanguage":"es-CR"},{"@type":"Organization","@id":"https:\/\/www.jacomontecarlo.com\/es\/#organization","name":"Condominios Monte Carlos","alternateName":"Luxury Condominium","url":"https:\/\/www.jacomontecarlo.com\/es\/","logo":{"@type":"ImageObject","inLanguage":"es-CR","@id":"https:\/\/www.jacomontecarlo.com\/es\/#\/schema\/logo\/image\/","url":"https:\/\/www.jacomontecarlo.com\/wp-content\/uploads\/2015\/08\/logo-MC.jpg","contentUrl":"https:\/\/www.jacomontecarlo.com\/wp-content\/uploads\/2015\/08\/logo-MC.jpg","width":1060,"height":545,"caption":"Condominios Monte Carlos"},"image":{"@id":"https:\/\/www.jacomontecarlo.com\/es\/#\/schema\/logo\/image\/"},"sameAs":["https:\/\/www.facebook.com\/montecarloluxurycondominiums\/","https:\/\/x.com\/onsitecostarica","https:\/\/www.youtube.com\/@MONTECARLOLUXURYCONDOS\/videos","https:\/\/www.instagram.com\/jacomontecarlo\/"]},{"@type":"Person","@id":"https:\/\/www.jacomontecarlo.com\/es\/#\/schema\/person\/4c18e23c2aa43babb7d44fcf1cd58e21","name":"Sergio Figueroa"}]}},"_links":{"self":[{"href":"https:\/\/www.jacomontecarlo.com\/es\/wp-json\/wp\/v2\/posts\/11889","targetHints":{"allow":["GET"]}}],"collection":[{"href":"https:\/\/www.jacomontecarlo.com\/es\/wp-json\/wp\/v2\/posts"}],"about":[{"href":"https:\/\/www.jacomontecarlo.com\/es\/wp-json\/wp\/v2\/types\/post"}],"author":[{"embeddable":true,"href":"https:\/\/www.jacomontecarlo.com\/es\/wp-json\/wp\/v2\/users\/5"}],"replies":[{"embeddable":true,"href":"https:\/\/www.jacomontecarlo.com\/es\/wp-json\/wp\/v2\/comments?post=11889"}],"version-history":[{"count":0,"href":"https:\/\/www.jacomontecarlo.com\/es\/wp-json\/wp\/v2\/posts\/11889\/revisions"}],"wp:featuredmedia":[{"embeddable":true,"href":"https:\/\/www.jacomontecarlo.com\/es\/wp-json\/wp\/v2\/media\/11887"}],"wp:attachment":[{"href":"https:\/\/www.jacomontecarlo.com\/es\/wp-json\/wp\/v2\/media?parent=11889"}],"wp:term":[{"taxonomy":"category","embeddable":true,"href":"https:\/\/www.jacomontecarlo.com\/es\/wp-json\/wp\/v2\/categories?post=11889"},{"taxonomy":"post_tag","embeddable":true,"href":"https:\/\/www.jacomontecarlo.com\/es\/wp-json\/wp\/v2\/tags?post=11889"}],"curies":[{"name":"wp","href":"https:\/\/api.w.org\/{rel}","templated":true}]}}